{"id":94941,"date":"2026-05-01T12:38:56","date_gmt":"2026-05-01T10:38:56","guid":{"rendered":"https:\/\/zylloo.com\/non-classifiee\/journee-internationale-du-travail-de-la-lutte-des-travailleurs-a-la-performance-durable\/"},"modified":"2026-05-01T12:55:46","modified_gmt":"2026-05-01T10:55:46","slug":"journee-internationale-du-travail-de-la-lutte-des-travailleurs-a-la-performance-durable","status":"publish","type":"post","link":"https:\/\/zylloo.com\/fr\/actualites\/journee-internationale-du-travail-de-la-lutte-des-travailleurs-a-la-performance-durable\/","title":{"rendered":"Journ\u00e9e internationale du travail : De la lutte des travailleurs \u00e0 la performance durable"},"content":{"rendered":"\n<p><em>Chaque ann\u00e9e, le 1er mai, le monde entier comm\u00e9more la Journ\u00e9e internationale des travailleurs, une journ\u00e9e profond\u00e9ment ancr\u00e9e dans l&rsquo;histoire de la lutte des travailleurs pour la dignit\u00e9, l&rsquo;\u00e9quit\u00e9 et de meilleures conditions de travail. Au-del\u00e0 des c\u00e9l\u00e9brations, cette journ\u00e9e rappelle avec force les sacrifices consentis pour garantir des droits que beaucoup consid\u00e8rent aujourd&rsquo;hui comme fondamentaux. <\/em><\/p>\n\n<h4 class=\"wp-block-heading\">Une histoire fa\u00e7onn\u00e9e par la lutte<\/h4>\n\n<p>Les origines de la Journ\u00e9e internationale du travail remontent \u00e0 la fin du XIXe si\u00e8cle, en particulier aux mouvements ouvriers aux \u00c9tats-Unis et en Europe. Les travailleurs de l&rsquo;\u00e9poque \u00e9taient confront\u00e9s \u00e0 des conditions difficiles : de longues heures de travail, souvent sup\u00e9rieures \u00e0 12 ou 16 heures par jour, des environnements dangereux et des salaires minimes. <\/p>\n\n<p>L&rsquo;un des moments les plus marquants de cette lutte a \u00e9t\u00e9 l&rsquo;affaire Haymarket, au cours de laquelle les travailleurs se sont mobilis\u00e9s pour obtenir une journ\u00e9e de travail de huit heures. Bien que le mouvement se soit heurt\u00e9 \u00e0 la violence et \u00e0 la r\u00e9pression, il a suscit\u00e9 une prise de conscience mondiale et une solidarit\u00e9 entre les travailleurs. <\/p>\n\n<p>Au fil du temps, ces luttes ont permis de franchir des \u00e9tapes importantes :<\/p>\n\n<ul class=\"wp-block-list\">\n<li>La reconnaissance de la <strong>journ\u00e9e de travail de huit heures<\/strong><\/li>\n\n\n\n<li>La cr\u00e9ation de syndicats<\/li>\n\n\n\n<li>L&rsquo;\u00e9laboration de normes de s\u00e9curit\u00e9 sur le lieu de travail<\/li>\n\n\n\n<li>La protection des droits des travailleurs par le biais du droit du travail<\/li>\n<\/ul>\n\n<p>La Journ\u00e9e internationale du travail rend aujourd&rsquo;hui hommage \u00e0 ceux qui se sont battus &#8211; et continuent de se battre &#8211; pour ces droits.<\/p>\n\n<h4 class=\"wp-block-heading\">Du conflit \u00e0 la collaboration<\/h4>\n\n<p>Historiquement, les relations entre les travailleurs et les employeurs ont souvent \u00e9t\u00e9 marqu\u00e9es par des tensions. Les travailleurs exigeaient un traitement \u00e9quitable, tandis que les employeurs se concentraient sur la productivit\u00e9 et la rentabilit\u00e9. <\/p>\n\n<p>Cependant, les organisations modernes reconnaissent de plus en plus qu&rsquo;il ne s&rsquo;agit pas d&rsquo;une relation \u00e0 somme nulle.<\/p>\n\n<p>Un salari\u00e9 bien trait\u00e9 n&rsquo;est pas seulement un b\u00e9n\u00e9ficiaire de droits, il est un <strong>moteur de performance, d&rsquo;innovation et de croissance<\/strong>.<\/p>\n\n<h4 class=\"wp-block-heading\"><strong>L&rsquo;int\u00e9r\u00eat d&rsquo;investir dans les travailleurs<\/strong><\/h4>\n\n<p>Les employ\u00e9s sont plus performants lorsqu&rsquo;ils travaillent dans des environnements qui favorisent leur bien-\u00eatre et leur d\u00e9veloppement professionnel. Il s&rsquo;agit notamment de <\/p>\n\n<ul class=\"wp-block-list\">\n<li>Des conditions de travail s\u00fbres et favorables<\/li>\n\n\n\n<li>R\u00e9mun\u00e9ration \u00e9quitable et reconnaissance<\/li>\n\n\n\n<li>Des r\u00f4les clairs et un leadership de soutien<\/li>\n\n\n\n<li>Possibilit\u00e9s d&rsquo;apprentissage et de d\u00e9veloppement continus<\/li>\n<\/ul>\n\n<p>Les organisations qui investissent dans leur personnel obtiennent syst\u00e9matiquement de meilleurs r\u00e9sultats que celles qui ne le font pas. La productivit\u00e9 s&rsquo;am\u00e9liore, la fid\u00e9lisation des employ\u00e9s s&rsquo;accro\u00eet et le moral au travail se renforce. <\/p>\n\n<h4 class=\"wp-block-heading\"><strong>Renforcement des capacit\u00e9s : Le cha\u00eenon manquant de la performance<\/strong><\/h4>\n\n<p>Si de nombreuses organisations ont am\u00e9lior\u00e9 les conditions mat\u00e9rielles de travail, un domaine essentiel reste souvent sous-d\u00e9velopp\u00e9 : le <strong>renforcement des capacit\u00e9s<\/strong>.<\/p>\n\n<p>Dans l&rsquo;environnement commercial actuel, qui \u00e9volue rapidement, les employ\u00e9s doivent constamment am\u00e9liorer leurs comp\u00e9tences pour rester efficaces. La formation professionnelle n&rsquo;est plus facultative, c&rsquo;est une n\u00e9cessit\u00e9 strat\u00e9gique. <\/p>\n\n<p>Le renforcement des capacit\u00e9s permet :<\/p>\n\n<ul class=\"wp-block-list\">\n<li>Am\u00e9lioration de l&rsquo;efficacit\u00e9 et de la qualit\u00e9 du travail<\/li>\n\n\n\n<li>Am\u00e9lioration de la prise de d\u00e9cision et de la r\u00e9solution des probl\u00e8mes<\/li>\n\n\n\n<li>Am\u00e9lioration de la capacit\u00e9 d&rsquo;adaptation au changement<\/li>\n\n\n\n<li>Un alignement plus fort sur les objectifs de l&rsquo;organisation<\/li>\n<\/ul>\n\n<p>Lorsque les employ\u00e9s se d\u00e9veloppent, les organisations se d\u00e9veloppent.<\/p>\n\n<h4 class=\"wp-block-heading\"><strong>Un appel \u00e0 l&rsquo;action pour les employeurs<\/strong><\/h4>\n\n<p>\u00c0 l&rsquo;occasion de la Journ\u00e9e internationale du travail, il est important que les organisations r\u00e9fl\u00e9chissent non seulement au respect des normes du travail, mais aussi \u00e0 la mani\u00e8re dont elles <strong>donnent \u00e0 leur personnel les moyens de r\u00e9ussir.<\/strong><\/p>\n\n<p>Investir dans la formation et le d\u00e9veloppement n&rsquo;est pas un co\u00fbt, c&rsquo;est un investissement \u00e0 long terme dans la performance de l&rsquo;organisation.<\/p>\n\n<h4 class=\"wp-block-heading\"><strong>L&rsquo;engagement de Zylloo Consult<\/strong><\/h4>\n\n<p>Chez Zylloo Consult, nous pensons que <strong>les personnes sont l&rsquo;atout le plus pr\u00e9cieux de toute organisation.<\/strong><\/p>\n\n<p>Nous soutenons les organisations par le biais de :<\/p>\n\n<ul class=\"wp-block-list\">\n<li>Formation professionnelle et d\u00e9veloppement des capacit\u00e9s<\/li>\n\n\n\n<li>Mise en \u0153uvre de syst\u00e8mes de gestion (normes ISO)<\/li>\n\n\n\n<li>Des solutions de prise de d\u00e9cision bas\u00e9es sur les donn\u00e9es<\/li>\n\n\n\n<li>Services de conseil pour am\u00e9liorer les performances et la croissance<\/li>\n<\/ul>\n\n<p>Notre approche garantit que la formation n&rsquo;est pas seulement th\u00e9orique, mais aussi pratique, mesurable et align\u00e9e sur les objectifs de votre organisation.<\/p>\n\n<p>La Journ\u00e9e internationale du travail est plus qu&rsquo;une comm\u00e9moration historique : c&rsquo;est un appel \u00e0 l&rsquo;action.<\/p>\n\n<p>Un appel \u00e0 :<\/p>\n\n<ul class=\"wp-block-list\">\n<li>Respecter les travailleurs<\/li>\n\n\n\n<li>Responsabiliser les employ\u00e9s<\/li>\n\n\n\n<li>Investir dans le capital humain<\/li>\n<\/ul>\n\n<p>En effet, lorsque les employ\u00e9s sont \u00e9quip\u00e9s, soutenus et responsabilis\u00e9s, ils ne se contentent pas de travailler, ils sont <strong>performants, innovants et moteurs de r\u00e9ussite.<\/strong><\/p>\n\n<h4 class=\"wp-block-heading\"><strong>Pr\u00eat \u00e0 renforcer votre personnel ?<\/strong><\/h4>\n\n<p>Associez-vous \u00e0 <a href=\"https:\/\/zylloo.com\/fr\/planifier-une-reunion\/\" type=\"link\" id=\"https:\/\/zylloo.com\/schedule-a-meeting\/\">Zylloo Consult<\/a> pour concevoir et mettre en \u0153uvre des programmes de renforcement des capacit\u00e9s qui produisent des r\u00e9sultats concrets.<\/p>\n\n<p><strong><a href=\"https:\/\/zylloo.com\/fr\/contactez-nous\/\" type=\"link\" id=\"https:\/\/zylloo.com\/contact-us\/\">Contactez-nous<\/a> d\u00e8s aujourd&rsquo;hui et transformez votre main-d&rsquo;\u0153uvre en votre meilleur avantage concurrentiel.<\/strong><\/p>\n\n<p><\/p>\n","protected":false},"excerpt":{"rendered":"<p>Chaque ann\u00e9e, le 1er mai, le monde entier comm\u00e9more la Journ\u00e9e internationale des travailleurs, une journ\u00e9e profond\u00e9ment ancr\u00e9e dans l&rsquo;histoire de la lutte des travailleurs pour la dignit\u00e9, l&rsquo;\u00e9quit\u00e9 et de meilleures conditions de travail. Au-del\u00e0 des c\u00e9l\u00e9brations, cette journ\u00e9e rappelle avec force les sacrifices consentis pour garantir des droits que beaucoup consid\u00e8rent aujourd&rsquo;hui comme [&hellip;]<\/p>\n","protected":false},"author":3,"featured_media":94944,"comment_status":"open","ping_status":"open","sticky":false,"template":"","format":"standard","meta":{"footnotes":""},"categories":[121],"tags":[],"class_list":["post-94941","post","type-post","status-publish","format-standard","has-post-thumbnail","hentry","category-actualites"],"yoast_head":"<!-- This site is optimized with the Yoast SEO plugin v27.4 - https:\/\/yoast.com\/product\/yoast-seo-wordpress\/ -->\n<title>Journ\u00e9e internationale du travail : De la lutte des travailleurs \u00e0 la performance durable - Zylloo Consult<\/title>\n<meta name=\"robots\" content=\"index, follow, max-snippet:-1, max-image-preview:large, max-video-preview:-1\" \/>\n<link rel=\"canonical\" href=\"https:\/\/zylloo.com\/fr\/actualites\/journee-internationale-du-travail-de-la-lutte-des-travailleurs-a-la-performance-durable\/\" \/>\n<meta property=\"og:locale\" content=\"fr_FR\" \/>\n<meta property=\"og:type\" content=\"article\" \/>\n<meta property=\"og:title\" content=\"Journ\u00e9e internationale du travail : De la lutte des travailleurs \u00e0 la performance durable - Zylloo Consult\" \/>\n<meta property=\"og:description\" content=\"Chaque ann\u00e9e, le 1er mai, le monde entier comm\u00e9more la Journ\u00e9e internationale des travailleurs, une journ\u00e9e profond\u00e9ment ancr\u00e9e dans l&rsquo;histoire de la lutte des travailleurs pour la dignit\u00e9, l&rsquo;\u00e9quit\u00e9 et de meilleures conditions de travail. Au-del\u00e0 des c\u00e9l\u00e9brations, cette journ\u00e9e rappelle avec force les sacrifices consentis pour garantir des droits que beaucoup consid\u00e8rent aujourd&rsquo;hui comme [&hellip;]\" \/>\n<meta property=\"og:url\" content=\"https:\/\/zylloo.com\/fr\/actualites\/journee-internationale-du-travail-de-la-lutte-des-travailleurs-a-la-performance-durable\/\" \/>\n<meta property=\"og:site_name\" content=\"Zylloo Consult\" \/>\n<meta property=\"article:publisher\" content=\"https:\/\/www.facebook.com\/zylloo\/\" \/>\n<meta property=\"article:published_time\" content=\"2026-05-01T10:38:56+00:00\" \/>\n<meta property=\"article:modified_time\" content=\"2026-05-01T10:55:46+00:00\" \/>\n<meta property=\"og:image\" content=\"https:\/\/zylloo.com\/wp-content\/uploads\/2026\/05\/From_Workers_Struggle_to_Performance-1.png\" \/>\n\t<meta property=\"og:image:width\" content=\"1400\" \/>\n\t<meta property=\"og:image:height\" content=\"781\" \/>\n\t<meta property=\"og:image:type\" content=\"image\/png\" \/>\n<meta name=\"author\" content=\"Cezzy Kanionga\" \/>\n<meta name=\"twitter:card\" content=\"summary_large_image\" \/>\n<meta name=\"twitter:creator\" content=\"@Zylloo\" \/>\n<meta name=\"twitter:site\" content=\"@Zylloo\" \/>\n<meta name=\"twitter:label1\" content=\"\u00c9crit par\" \/>\n\t<meta name=\"twitter:data1\" content=\"Cezzy Kanionga\" \/>\n\t<meta name=\"twitter:label2\" content=\"Dur\u00e9e de lecture estim\u00e9e\" \/>\n\t<meta name=\"twitter:data2\" content=\"4 minutes\" \/>\n<script type=\"application\/ld+json\" class=\"yoast-schema-graph\">{\"@context\":\"https:\\\/\\\/schema.org\",\"@graph\":[{\"@type\":\"Article\",\"@id\":\"https:\\\/\\\/zylloo.com\\\/fr\\\/actualites\\\/journee-internationale-du-travail-de-la-lutte-des-travailleurs-a-la-performance-durable\\\/#article\",\"isPartOf\":{\"@id\":\"https:\\\/\\\/zylloo.com\\\/fr\\\/actualites\\\/journee-internationale-du-travail-de-la-lutte-des-travailleurs-a-la-performance-durable\\\/\"},\"author\":{\"name\":\"Cezzy Kanionga\",\"@id\":\"https:\\\/\\\/zylloo.com\\\/fr\\\/#\\\/schema\\\/person\\\/4ad57a086a750198fde6112cd4654b0c\"},\"headline\":\"Journ\u00e9e internationale du travail : De la lutte des travailleurs \u00e0 la performance durable\",\"datePublished\":\"2026-05-01T10:38:56+00:00\",\"dateModified\":\"2026-05-01T10:55:46+00:00\",\"mainEntityOfPage\":{\"@id\":\"https:\\\/\\\/zylloo.com\\\/fr\\\/actualites\\\/journee-internationale-du-travail-de-la-lutte-des-travailleurs-a-la-performance-durable\\\/\"},\"wordCount\":892,\"commentCount\":0,\"publisher\":{\"@id\":\"https:\\\/\\\/zylloo.com\\\/fr\\\/#organization\"},\"image\":{\"@id\":\"https:\\\/\\\/zylloo.com\\\/fr\\\/actualites\\\/journee-internationale-du-travail-de-la-lutte-des-travailleurs-a-la-performance-durable\\\/#primaryimage\"},\"thumbnailUrl\":\"https:\\\/\\\/zylloo.com\\\/wp-content\\\/uploads\\\/2026\\\/05\\\/From_Workers_Struggle_to_Performance-1.png\",\"articleSection\":[\"Actualit\u00e9s\"],\"inLanguage\":\"fr-FR\",\"potentialAction\":[{\"@type\":\"CommentAction\",\"name\":\"Comment\",\"target\":[\"https:\\\/\\\/zylloo.com\\\/fr\\\/actualites\\\/journee-internationale-du-travail-de-la-lutte-des-travailleurs-a-la-performance-durable\\\/#respond\"]}]},{\"@type\":\"WebPage\",\"@id\":\"https:\\\/\\\/zylloo.com\\\/fr\\\/actualites\\\/journee-internationale-du-travail-de-la-lutte-des-travailleurs-a-la-performance-durable\\\/\",\"url\":\"https:\\\/\\\/zylloo.com\\\/fr\\\/actualites\\\/journee-internationale-du-travail-de-la-lutte-des-travailleurs-a-la-performance-durable\\\/\",\"name\":\"Journ\u00e9e internationale du travail : De la lutte des travailleurs \u00e0 la performance durable - Zylloo Consult\",\"isPartOf\":{\"@id\":\"https:\\\/\\\/zylloo.com\\\/fr\\\/#website\"},\"primaryImageOfPage\":{\"@id\":\"https:\\\/\\\/zylloo.com\\\/fr\\\/actualites\\\/journee-internationale-du-travail-de-la-lutte-des-travailleurs-a-la-performance-durable\\\/#primaryimage\"},\"image\":{\"@id\":\"https:\\\/\\\/zylloo.com\\\/fr\\\/actualites\\\/journee-internationale-du-travail-de-la-lutte-des-travailleurs-a-la-performance-durable\\\/#primaryimage\"},\"thumbnailUrl\":\"https:\\\/\\\/zylloo.com\\\/wp-content\\\/uploads\\\/2026\\\/05\\\/From_Workers_Struggle_to_Performance-1.png\",\"datePublished\":\"2026-05-01T10:38:56+00:00\",\"dateModified\":\"2026-05-01T10:55:46+00:00\",\"breadcrumb\":{\"@id\":\"https:\\\/\\\/zylloo.com\\\/fr\\\/actualites\\\/journee-internationale-du-travail-de-la-lutte-des-travailleurs-a-la-performance-durable\\\/#breadcrumb\"},\"inLanguage\":\"fr-FR\",\"potentialAction\":[{\"@type\":\"ReadAction\",\"target\":[\"https:\\\/\\\/zylloo.com\\\/fr\\\/actualites\\\/journee-internationale-du-travail-de-la-lutte-des-travailleurs-a-la-performance-durable\\\/\"]}]},{\"@type\":\"ImageObject\",\"inLanguage\":\"fr-FR\",\"@id\":\"https:\\\/\\\/zylloo.com\\\/fr\\\/actualites\\\/journee-internationale-du-travail-de-la-lutte-des-travailleurs-a-la-performance-durable\\\/#primaryimage\",\"url\":\"https:\\\/\\\/zylloo.com\\\/wp-content\\\/uploads\\\/2026\\\/05\\\/From_Workers_Struggle_to_Performance-1.png\",\"contentUrl\":\"https:\\\/\\\/zylloo.com\\\/wp-content\\\/uploads\\\/2026\\\/05\\\/From_Workers_Struggle_to_Performance-1.png\",\"width\":1400,\"height\":781,\"caption\":\"International Labour Day\"},{\"@type\":\"BreadcrumbList\",\"@id\":\"https:\\\/\\\/zylloo.com\\\/fr\\\/actualites\\\/journee-internationale-du-travail-de-la-lutte-des-travailleurs-a-la-performance-durable\\\/#breadcrumb\",\"itemListElement\":[{\"@type\":\"ListItem\",\"position\":1,\"name\":\"Home\",\"item\":\"https:\\\/\\\/zylloo.com\\\/fr\\\/accueil\\\/\"},{\"@type\":\"ListItem\",\"position\":2,\"name\":\"Journ\u00e9e internationale du travail : De la lutte des travailleurs \u00e0 la performance durable\"}]},{\"@type\":\"WebSite\",\"@id\":\"https:\\\/\\\/zylloo.com\\\/fr\\\/#website\",\"url\":\"https:\\\/\\\/zylloo.com\\\/fr\\\/\",\"name\":\"Zylloo Consult\",\"description\":\"Etudes et conseils\",\"publisher\":{\"@id\":\"https:\\\/\\\/zylloo.com\\\/fr\\\/#organization\"},\"potentialAction\":[{\"@type\":\"SearchAction\",\"target\":{\"@type\":\"EntryPoint\",\"urlTemplate\":\"https:\\\/\\\/zylloo.com\\\/fr\\\/?s={search_term_string}\"},\"query-input\":{\"@type\":\"PropertyValueSpecification\",\"valueRequired\":true,\"valueName\":\"search_term_string\"}}],\"inLanguage\":\"fr-FR\"},{\"@type\":\"Organization\",\"@id\":\"https:\\\/\\\/zylloo.com\\\/fr\\\/#organization\",\"name\":\"Zylloo Consult\",\"alternateName\":\"Zylloo\",\"url\":\"https:\\\/\\\/zylloo.com\\\/fr\\\/\",\"logo\":{\"@type\":\"ImageObject\",\"inLanguage\":\"fr-FR\",\"@id\":\"https:\\\/\\\/zylloo.com\\\/fr\\\/#\\\/schema\\\/logo\\\/image\\\/\",\"url\":\"https:\\\/\\\/zylloo.com\\\/wp-content\\\/uploads\\\/2024\\\/04\\\/zylloo_web_logo_2.png\",\"contentUrl\":\"https:\\\/\\\/zylloo.com\\\/wp-content\\\/uploads\\\/2024\\\/04\\\/zylloo_web_logo_2.png\",\"width\":968,\"height\":274,\"caption\":\"Zylloo Consult\"},\"image\":{\"@id\":\"https:\\\/\\\/zylloo.com\\\/fr\\\/#\\\/schema\\\/logo\\\/image\\\/\"},\"sameAs\":[\"https:\\\/\\\/www.facebook.com\\\/zylloo\\\/\",\"https:\\\/\\\/x.com\\\/Zylloo\",\"https:\\\/\\\/www.linkedin.com\\\/company\\\/zylloo-consult\\\/\",\"https:\\\/\\\/www.instagram.com\\\/zylloo_2018\\\/\"]},{\"@type\":\"Person\",\"@id\":\"https:\\\/\\\/zylloo.com\\\/fr\\\/#\\\/schema\\\/person\\\/4ad57a086a750198fde6112cd4654b0c\",\"name\":\"Cezzy Kanionga\",\"image\":{\"@type\":\"ImageObject\",\"inLanguage\":\"fr-FR\",\"@id\":\"https:\\\/\\\/secure.gravatar.com\\\/avatar\\\/e185be98bcd8a6887f298e22bc2a4cfd1866d7dcd05805adfde9fc0509542186?s=96&d=mm&r=g\",\"url\":\"https:\\\/\\\/secure.gravatar.com\\\/avatar\\\/e185be98bcd8a6887f298e22bc2a4cfd1866d7dcd05805adfde9fc0509542186?s=96&d=mm&r=g\",\"contentUrl\":\"https:\\\/\\\/secure.gravatar.com\\\/avatar\\\/e185be98bcd8a6887f298e22bc2a4cfd1866d7dcd05805adfde9fc0509542186?s=96&d=mm&r=g\",\"caption\":\"Cezzy Kanionga\"},\"sameAs\":[\"http:\\\/\\\/www.zylloo.com\"],\"url\":\"https:\\\/\\\/zylloo.com\\\/fr\\\/author\\\/cezzy\\\/\"}]}<\/script>\n<!-- \/ Yoast SEO plugin. -->","yoast_head_json":{"title":"Journ\u00e9e internationale du travail : De la lutte des travailleurs \u00e0 la performance durable - Zylloo Consult","robots":{"index":"index","follow":"follow","max-snippet":"max-snippet:-1","max-image-preview":"max-image-preview:large","max-video-preview":"max-video-preview:-1"},"canonical":"https:\/\/zylloo.com\/fr\/actualites\/journee-internationale-du-travail-de-la-lutte-des-travailleurs-a-la-performance-durable\/","og_locale":"fr_FR","og_type":"article","og_title":"Journ\u00e9e internationale du travail : De la lutte des travailleurs \u00e0 la performance durable - Zylloo Consult","og_description":"Chaque ann\u00e9e, le 1er mai, le monde entier comm\u00e9more la Journ\u00e9e internationale des travailleurs, une journ\u00e9e profond\u00e9ment ancr\u00e9e dans l&rsquo;histoire de la lutte des travailleurs pour la dignit\u00e9, l&rsquo;\u00e9quit\u00e9 et de meilleures conditions de travail. Au-del\u00e0 des c\u00e9l\u00e9brations, cette journ\u00e9e rappelle avec force les sacrifices consentis pour garantir des droits que beaucoup consid\u00e8rent aujourd&rsquo;hui comme [&hellip;]","og_url":"https:\/\/zylloo.com\/fr\/actualites\/journee-internationale-du-travail-de-la-lutte-des-travailleurs-a-la-performance-durable\/","og_site_name":"Zylloo Consult","article_publisher":"https:\/\/www.facebook.com\/zylloo\/","article_published_time":"2026-05-01T10:38:56+00:00","article_modified_time":"2026-05-01T10:55:46+00:00","og_image":[{"width":1400,"height":781,"url":"https:\/\/zylloo.com\/wp-content\/uploads\/2026\/05\/From_Workers_Struggle_to_Performance-1.png","type":"image\/png"}],"author":"Cezzy Kanionga","twitter_card":"summary_large_image","twitter_creator":"@Zylloo","twitter_site":"@Zylloo","twitter_misc":{"\u00c9crit par":"Cezzy Kanionga","Dur\u00e9e de lecture estim\u00e9e":"4 minutes"},"schema":{"@context":"https:\/\/schema.org","@graph":[{"@type":"Article","@id":"https:\/\/zylloo.com\/fr\/actualites\/journee-internationale-du-travail-de-la-lutte-des-travailleurs-a-la-performance-durable\/#article","isPartOf":{"@id":"https:\/\/zylloo.com\/fr\/actualites\/journee-internationale-du-travail-de-la-lutte-des-travailleurs-a-la-performance-durable\/"},"author":{"name":"Cezzy Kanionga","@id":"https:\/\/zylloo.com\/fr\/#\/schema\/person\/4ad57a086a750198fde6112cd4654b0c"},"headline":"Journ\u00e9e internationale du travail : De la lutte des travailleurs \u00e0 la performance durable","datePublished":"2026-05-01T10:38:56+00:00","dateModified":"2026-05-01T10:55:46+00:00","mainEntityOfPage":{"@id":"https:\/\/zylloo.com\/fr\/actualites\/journee-internationale-du-travail-de-la-lutte-des-travailleurs-a-la-performance-durable\/"},"wordCount":892,"commentCount":0,"publisher":{"@id":"https:\/\/zylloo.com\/fr\/#organization"},"image":{"@id":"https:\/\/zylloo.com\/fr\/actualites\/journee-internationale-du-travail-de-la-lutte-des-travailleurs-a-la-performance-durable\/#primaryimage"},"thumbnailUrl":"https:\/\/zylloo.com\/wp-content\/uploads\/2026\/05\/From_Workers_Struggle_to_Performance-1.png","articleSection":["Actualit\u00e9s"],"inLanguage":"fr-FR","potentialAction":[{"@type":"CommentAction","name":"Comment","target":["https:\/\/zylloo.com\/fr\/actualites\/journee-internationale-du-travail-de-la-lutte-des-travailleurs-a-la-performance-durable\/#respond"]}]},{"@type":"WebPage","@id":"https:\/\/zylloo.com\/fr\/actualites\/journee-internationale-du-travail-de-la-lutte-des-travailleurs-a-la-performance-durable\/","url":"https:\/\/zylloo.com\/fr\/actualites\/journee-internationale-du-travail-de-la-lutte-des-travailleurs-a-la-performance-durable\/","name":"Journ\u00e9e internationale du travail : De la lutte des travailleurs \u00e0 la performance durable - Zylloo Consult","isPartOf":{"@id":"https:\/\/zylloo.com\/fr\/#website"},"primaryImageOfPage":{"@id":"https:\/\/zylloo.com\/fr\/actualites\/journee-internationale-du-travail-de-la-lutte-des-travailleurs-a-la-performance-durable\/#primaryimage"},"image":{"@id":"https:\/\/zylloo.com\/fr\/actualites\/journee-internationale-du-travail-de-la-lutte-des-travailleurs-a-la-performance-durable\/#primaryimage"},"thumbnailUrl":"https:\/\/zylloo.com\/wp-content\/uploads\/2026\/05\/From_Workers_Struggle_to_Performance-1.png","datePublished":"2026-05-01T10:38:56+00:00","dateModified":"2026-05-01T10:55:46+00:00","breadcrumb":{"@id":"https:\/\/zylloo.com\/fr\/actualites\/journee-internationale-du-travail-de-la-lutte-des-travailleurs-a-la-performance-durable\/#breadcrumb"},"inLanguage":"fr-FR","potentialAction":[{"@type":"ReadAction","target":["https:\/\/zylloo.com\/fr\/actualites\/journee-internationale-du-travail-de-la-lutte-des-travailleurs-a-la-performance-durable\/"]}]},{"@type":"ImageObject","inLanguage":"fr-FR","@id":"https:\/\/zylloo.com\/fr\/actualites\/journee-internationale-du-travail-de-la-lutte-des-travailleurs-a-la-performance-durable\/#primaryimage","url":"https:\/\/zylloo.com\/wp-content\/uploads\/2026\/05\/From_Workers_Struggle_to_Performance-1.png","contentUrl":"https:\/\/zylloo.com\/wp-content\/uploads\/2026\/05\/From_Workers_Struggle_to_Performance-1.png","width":1400,"height":781,"caption":"International Labour Day"},{"@type":"BreadcrumbList","@id":"https:\/\/zylloo.com\/fr\/actualites\/journee-internationale-du-travail-de-la-lutte-des-travailleurs-a-la-performance-durable\/#breadcrumb","itemListElement":[{"@type":"ListItem","position":1,"name":"Home","item":"https:\/\/zylloo.com\/fr\/accueil\/"},{"@type":"ListItem","position":2,"name":"Journ\u00e9e internationale du travail : De la lutte des travailleurs \u00e0 la performance durable"}]},{"@type":"WebSite","@id":"https:\/\/zylloo.com\/fr\/#website","url":"https:\/\/zylloo.com\/fr\/","name":"Zylloo Consult","description":"Etudes et conseils","publisher":{"@id":"https:\/\/zylloo.com\/fr\/#organization"},"potentialAction":[{"@type":"SearchAction","target":{"@type":"EntryPoint","urlTemplate":"https:\/\/zylloo.com\/fr\/?s={search_term_string}"},"query-input":{"@type":"PropertyValueSpecification","valueRequired":true,"valueName":"search_term_string"}}],"inLanguage":"fr-FR"},{"@type":"Organization","@id":"https:\/\/zylloo.com\/fr\/#organization","name":"Zylloo Consult","alternateName":"Zylloo","url":"https:\/\/zylloo.com\/fr\/","logo":{"@type":"ImageObject","inLanguage":"fr-FR","@id":"https:\/\/zylloo.com\/fr\/#\/schema\/logo\/image\/","url":"https:\/\/zylloo.com\/wp-content\/uploads\/2024\/04\/zylloo_web_logo_2.png","contentUrl":"https:\/\/zylloo.com\/wp-content\/uploads\/2024\/04\/zylloo_web_logo_2.png","width":968,"height":274,"caption":"Zylloo Consult"},"image":{"@id":"https:\/\/zylloo.com\/fr\/#\/schema\/logo\/image\/"},"sameAs":["https:\/\/www.facebook.com\/zylloo\/","https:\/\/x.com\/Zylloo","https:\/\/www.linkedin.com\/company\/zylloo-consult\/","https:\/\/www.instagram.com\/zylloo_2018\/"]},{"@type":"Person","@id":"https:\/\/zylloo.com\/fr\/#\/schema\/person\/4ad57a086a750198fde6112cd4654b0c","name":"Cezzy Kanionga","image":{"@type":"ImageObject","inLanguage":"fr-FR","@id":"https:\/\/secure.gravatar.com\/avatar\/e185be98bcd8a6887f298e22bc2a4cfd1866d7dcd05805adfde9fc0509542186?s=96&d=mm&r=g","url":"https:\/\/secure.gravatar.com\/avatar\/e185be98bcd8a6887f298e22bc2a4cfd1866d7dcd05805adfde9fc0509542186?s=96&d=mm&r=g","contentUrl":"https:\/\/secure.gravatar.com\/avatar\/e185be98bcd8a6887f298e22bc2a4cfd1866d7dcd05805adfde9fc0509542186?s=96&d=mm&r=g","caption":"Cezzy Kanionga"},"sameAs":["http:\/\/www.zylloo.com"],"url":"https:\/\/zylloo.com\/fr\/author\/cezzy\/"}]}},"_links":{"self":[{"href":"https:\/\/zylloo.com\/fr\/wp-json\/wp\/v2\/posts\/94941","targetHints":{"allow":["GET"]}}],"collection":[{"href":"https:\/\/zylloo.com\/fr\/wp-json\/wp\/v2\/posts"}],"about":[{"href":"https:\/\/zylloo.com\/fr\/wp-json\/wp\/v2\/types\/post"}],"author":[{"embeddable":true,"href":"https:\/\/zylloo.com\/fr\/wp-json\/wp\/v2\/users\/3"}],"replies":[{"embeddable":true,"href":"https:\/\/zylloo.com\/fr\/wp-json\/wp\/v2\/comments?post=94941"}],"version-history":[{"count":1,"href":"https:\/\/zylloo.com\/fr\/wp-json\/wp\/v2\/posts\/94941\/revisions"}],"predecessor-version":[{"id":94942,"href":"https:\/\/zylloo.com\/fr\/wp-json\/wp\/v2\/posts\/94941\/revisions\/94942"}],"wp:featuredmedia":[{"embeddable":true,"href":"https:\/\/zylloo.com\/fr\/wp-json\/wp\/v2\/media\/94944"}],"wp:attachment":[{"href":"https:\/\/zylloo.com\/fr\/wp-json\/wp\/v2\/media?parent=94941"}],"wp:term":[{"taxonomy":"category","embeddable":true,"href":"https:\/\/zylloo.com\/fr\/wp-json\/wp\/v2\/categories?post=94941"},{"taxonomy":"post_tag","embeddable":true,"href":"https:\/\/zylloo.com\/fr\/wp-json\/wp\/v2\/tags?post=94941"}],"curies":[{"name":"wp","href":"https:\/\/api.w.org\/{rel}","templated":true}]}}